{"id":1129,"date":"2024-07-10T11:10:32","date_gmt":"2024-07-10T11:10:32","guid":{"rendered":"http:\/\/feuerwehr-ehndorf.de\/?p=1129"},"modified":"2024-07-10T11:10:32","modified_gmt":"2024-07-10T11:10:32","slug":"1-tag-brandsicherheitsdienst-rockarea-a7","status":"publish","type":"post","link":"http:\/\/feuerwehr-ehndorf.de\/?p=1129","title":{"rendered":"1. Tag Brandsicherheitsdienst Rockarea A7"},"content":{"rendered":"\n<figure class=\"wp-block-image size-large\"><a href=\"http:\/\/feuerwehr-ehndorf.de\/wp-content\/uploads\/2024\/07\/IMG_20240704_230309-1-scaled.jpg\"><img loading=\"lazy\" decoding=\"async\" width=\"1008\" height=\"1024\" src=\"http:\/\/feuerwehr-ehndorf.de\/wp-content\/uploads\/2024\/07\/IMG_20240704_230309-1-1008x1024.jpg\" alt=\"\" class=\"wp-image-1131\" srcset=\"http:\/\/feuerwehr-ehndorf.de\/wp-content\/uploads\/2024\/07\/IMG_20240704_230309-1-1008x1024.jpg 1008w, http:\/\/feuerwehr-ehndorf.de\/wp-content\/uploads\/2024\/07\/IMG_20240704_230309-1-295x300.jpg 295w, http:\/\/feuerwehr-ehndorf.de\/wp-content\/uploads\/2024\/07\/IMG_20240704_230309-1-768x780.jpg 768w, http:\/\/feuerwehr-ehndorf.de\/wp-content\/uploads\/2024\/07\/IMG_20240704_230309-1-1512x1536.jpg 1512w, http:\/\/feuerwehr-ehndorf.de\/wp-content\/uploads\/2024\/07\/IMG_20240704_230309-1-2016x2048.jpg 2016w, http:\/\/feuerwehr-ehndorf.de\/wp-content\/uploads\/2024\/07\/IMG_20240704_230309-1-624x634.jpg 624w\" sizes=\"auto, (max-width: 1008px) 100vw, 1008px\" \/><\/a><\/figure>\n\n\n\n<p>Am heutigen Donnerstag startete f\u00fcr uns der erste Tag der Brandwache auf dem Rockarea A7 in unserem heimischen Ehndorf.<\/p>\n\n\n\n<!--more-->\n\n\n\n<p>Wir brachen bei bestem Sonnenschein um 16:30 Uhr mit 6 Kameradinnen und Kameraden mit unserem Fahrzeug auf zum Festivalgel\u00e4nde, sodass wir uns um 17:00 Uhr Ortszeit beim Veranstalter einsatzbereit meldeten.<\/p>\n\n\n\n<p>Dann ging es abwechselnd jeweils mit 2 Kameraden und einem Funkger\u00e4t ausgestattet auf Kontrollgang \u00fcber das gesamte Gel\u00e4nde. Zwischen den Kontrollg\u00e4ngen haben wir die Zeit genutzt, um gemeinsam das Gel\u00e4nde zu erkunden, uns mit den zahlreichen G\u00e4sten auszutauschen und unsere Kameradschaft zu pflegen.<\/p>\n\n\n\n<p>Der heutige Tag verlief bei bestem Wetter, guter Musik und guter Laune ohne Zwischenf\u00e4lle, sodass wir uns um 23:59 Uhr Ortszeit wieder abmelden konnten und wieder in unser Ger\u00e4tehaus einr\u00fccken konnten.<\/p>\n\n\n\n<div class=\"wp-block-columns is-layout-flex wp-container-core-columns-is-layout-9d6595d7 wp-block-columns-is-layout-flex\">\n<div class=\"wp-block-column is-layout-flow wp-block-column-is-layout-flow\">\n<figure class=\"wp-block-image size-large is-resized\"><a href=\"http:\/\/feuerwehr-ehndorf.de\/wp-content\/uploads\/2024\/07\/IMG_20240704_202048-3-scaled.jpg\"><img loading=\"lazy\" decoding=\"async\" width=\"946\" height=\"1024\" src=\"http:\/\/feuerwehr-ehndorf.de\/wp-content\/uploads\/2024\/07\/IMG_20240704_202048-3-946x1024.jpg\" alt=\"\" class=\"wp-image-1153\" style=\"width:314px;height:auto\" srcset=\"http:\/\/feuerwehr-ehndorf.de\/wp-content\/uploads\/2024\/07\/IMG_20240704_202048-3-946x1024.jpg 946w, http:\/\/feuerwehr-ehndorf.de\/wp-content\/uploads\/2024\/07\/IMG_20240704_202048-3-277x300.jpg 277w, http:\/\/feuerwehr-ehndorf.de\/wp-content\/uploads\/2024\/07\/IMG_20240704_202048-3-768x831.jpg 768w, http:\/\/feuerwehr-ehndorf.de\/wp-content\/uploads\/2024\/07\/IMG_20240704_202048-3-1419x1536.jpg 1419w, http:\/\/feuerwehr-ehndorf.de\/wp-content\/uploads\/2024\/07\/IMG_20240704_202048-3-1892x2048.jpg 1892w, http:\/\/feuerwehr-ehndorf.de\/wp-content\/uploads\/2024\/07\/IMG_20240704_202048-3-624x676.jpg 624w\" sizes=\"auto, (max-width: 946px) 100vw, 946px\" \/><\/a><\/figure>\n<\/div>\n\n\n\n<div class=\"wp-block-column is-layout-flow wp-block-column-is-layout-flow\">\n<figure class=\"wp-block-image size-large is-resized\"><a href=\"http:\/\/feuerwehr-ehndorf.de\/wp-content\/uploads\/2024\/07\/IMG_20240704_215057-1-scaled.jpg\"><img loading=\"lazy\" decoding=\"async\" width=\"956\" height=\"1024\" src=\"http:\/\/feuerwehr-ehndorf.de\/wp-content\/uploads\/2024\/07\/IMG_20240704_215057-1-956x1024.jpg\" alt=\"\" class=\"wp-image-1143\" style=\"width:319px;height:auto\" srcset=\"http:\/\/feuerwehr-ehndorf.de\/wp-content\/uploads\/2024\/07\/IMG_20240704_215057-1-956x1024.jpg 956w, http:\/\/feuerwehr-ehndorf.de\/wp-content\/uploads\/2024\/07\/IMG_20240704_215057-1-280x300.jpg 280w, http:\/\/feuerwehr-ehndorf.de\/wp-content\/uploads\/2024\/07\/IMG_20240704_215057-1-768x822.jpg 768w, http:\/\/feuerwehr-ehndorf.de\/wp-content\/uploads\/2024\/07\/IMG_20240704_215057-1-1434x1536.jpg 1434w, http:\/\/feuerwehr-ehndorf.de\/wp-content\/uploads\/2024\/07\/IMG_20240704_215057-1-1913x2048.jpg 1913w, http:\/\/feuerwehr-ehndorf.de\/wp-content\/uploads\/2024\/07\/IMG_20240704_215057-1-624x668.jpg 624w\" sizes=\"auto, (max-width: 956px) 100vw, 956px\" \/><\/a><\/figure>\n<\/div>\n<\/div>\n\n\n\n<div class=\"wp-block-columns is-layout-flex wp-container-core-columns-is-layout-9d6595d7 wp-block-columns-is-layout-flex\">\n<div class=\"wp-block-column is-layout-flow wp-block-column-is-layout-flow\">\n<figure class=\"wp-block-image size-large\"><a href=\"http:\/\/feuerwehr-ehndorf.de\/wp-content\/uploads\/2024\/07\/IMG_20240704_223650-1-scaled.jpg\"><img loading=\"lazy\" decoding=\"async\" width=\"1000\" height=\"1024\" src=\"http:\/\/feuerwehr-ehndorf.de\/wp-content\/uploads\/2024\/07\/IMG_20240704_223650-1-1000x1024.jpg\" alt=\"\" class=\"wp-image-1151\" srcset=\"http:\/\/feuerwehr-ehndorf.de\/wp-content\/uploads\/2024\/07\/IMG_20240704_223650-1-1000x1024.jpg 1000w, http:\/\/feuerwehr-ehndorf.de\/wp-content\/uploads\/2024\/07\/IMG_20240704_223650-1-293x300.jpg 293w, http:\/\/feuerwehr-ehndorf.de\/wp-content\/uploads\/2024\/07\/IMG_20240704_223650-1-768x786.jpg 768w, http:\/\/feuerwehr-ehndorf.de\/wp-content\/uploads\/2024\/07\/IMG_20240704_223650-1-1500x1536.jpg 1500w, http:\/\/feuerwehr-ehndorf.de\/wp-content\/uploads\/2024\/07\/IMG_20240704_223650-1-2000x2048.jpg 2000w, http:\/\/feuerwehr-ehndorf.de\/wp-content\/uploads\/2024\/07\/IMG_20240704_223650-1-624x639.jpg 624w\" sizes=\"auto, (max-width: 1000px) 100vw, 1000px\" \/><\/a><\/figure>\n<\/div>\n\n\n\n<div class=\"wp-block-column is-layout-flow wp-block-column-is-layout-flow\">\n<figure class=\"wp-block-image size-large is-resized\"><a href=\"http:\/\/feuerwehr-ehndorf.de\/wp-content\/uploads\/2024\/07\/IMG_20240704_230337-1-scaled.jpg\"><img loading=\"lazy\" decoding=\"async\" width=\"1021\" height=\"1024\" src=\"http:\/\/feuerwehr-ehndorf.de\/wp-content\/uploads\/2024\/07\/IMG_20240704_230337-1-1021x1024.jpg\" alt=\"\" class=\"wp-image-1152\" style=\"width:320px;height:auto\" srcset=\"http:\/\/feuerwehr-ehndorf.de\/wp-content\/uploads\/2024\/07\/IMG_20240704_230337-1-1021x1024.jpg 1021w, http:\/\/feuerwehr-ehndorf.de\/wp-content\/uploads\/2024\/07\/IMG_20240704_230337-1-300x300.jpg 300w, http:\/\/feuerwehr-ehndorf.de\/wp-content\/uploads\/2024\/07\/IMG_20240704_230337-1-150x150.jpg 150w, http:\/\/feuerwehr-ehndorf.de\/wp-content\/uploads\/2024\/07\/IMG_20240704_230337-1-768x770.jpg 768w, http:\/\/feuerwehr-ehndorf.de\/wp-content\/uploads\/2024\/07\/IMG_20240704_230337-1-1532x1536.jpg 1532w, http:\/\/feuerwehr-ehndorf.de\/wp-content\/uploads\/2024\/07\/IMG_20240704_230337-1-2043x2048.jpg 2043w, http:\/\/feuerwehr-ehndorf.de\/wp-content\/uploads\/2024\/07\/IMG_20240704_230337-1-624x626.jpg 624w\" sizes=\"auto, (max-width: 1021px) 100vw, 1021px\" \/><\/a><\/figure>\n<\/div>\n<\/div>\n","protected":false},"excerpt":{"rendered":"<p>Am heutigen Donnerstag startete f\u00fcr uns der erste Tag der Brandwache auf dem Rockarea A7 in unserem heimischen Ehndorf.<\/p>\n","protected":false},"author":6,"featured_media":0,"comment_status":"closed","ping_status":"open","sticky":false,"template":"","format":"standard","meta":{"footnotes":""},"categories":[8],"tags":[132,20,134,96,133],"class_list":["post-1129","post","type-post","status-publish","format-standard","hentry","category-aktuelles","tag-brandsicherheitsdienst","tag-ehndorf","tag-ehndorf-open-air","tag-kameradschaft","tag-rockarea-a7"],"_links":{"self":[{"href":"http:\/\/feuerwehr-ehndorf.de\/index.php?rest_route=\/wp\/v2\/posts\/1129","targetHints":{"allow":["GET"]}}],"collection":[{"href":"http:\/\/feuerwehr-ehndorf.de\/index.php?rest_route=\/wp\/v2\/posts"}],"about":[{"href":"http:\/\/feuerwehr-ehndorf.de\/index.php?rest_route=\/wp\/v2\/types\/post"}],"author":[{"embeddable":true,"href":"http:\/\/feuerwehr-ehndorf.de\/index.php?rest_route=\/wp\/v2\/users\/6"}],"replies":[{"embeddable":true,"href":"http:\/\/feuerwehr-ehndorf.de\/index.php?rest_route=%2Fwp%2Fv2%2Fcomments&post=1129"}],"version-history":[{"count":3,"href":"http:\/\/feuerwehr-ehndorf.de\/index.php?rest_route=\/wp\/v2\/posts\/1129\/revisions"}],"predecessor-version":[{"id":1154,"href":"http:\/\/feuerwehr-ehndorf.de\/index.php?rest_route=\/wp\/v2\/posts\/1129\/revisions\/1154"}],"wp:attachment":[{"href":"http:\/\/feuerwehr-ehndorf.de\/index.php?rest_route=%2Fwp%2Fv2%2Fmedia&parent=1129"}],"wp:term":[{"taxonomy":"category","embeddable":true,"href":"http:\/\/feuerwehr-ehndorf.de\/index.php?rest_route=%2Fwp%2Fv2%2Fcategories&post=1129"},{"taxonomy":"post_tag","embeddable":true,"href":"http:\/\/feuerwehr-ehndorf.de\/index.php?rest_route=%2Fwp%2Fv2%2Ftags&post=1129"}],"curies":[{"name":"wp","href":"https:\/\/api.w.org\/{rel}","templated":true}]}}