{"id":831,"date":"2022-08-28T11:00:00","date_gmt":"2022-08-28T11:00:00","guid":{"rendered":"http:\/\/feuerwehr-ehndorf.de\/?p=831"},"modified":"2022-10-10T22:13:03","modified_gmt":"2022-10-10T22:13:03","slug":"125-jahre-feuerwehr-ehndorf","status":"publish","type":"post","link":"http:\/\/feuerwehr-ehndorf.de\/?p=831","title":{"rendered":"125 Jahre Feuerwehr Ehndorf"},"content":{"rendered":"\n<p><em><strong>Am Samstag den 27.08.2022 haben wir das 125-j\u00e4hrige Bestehen unserer Feuerwehr gefeiert.<\/strong><\/em><\/p>\n\n\n\n<p>Ab 11:00 wurde das Jubil\u00e4um der freiwilligen Feuerwehr Ehndorf zun\u00e4chst im Rahmen einer geschlossenen Veranstaltung mit geladenen Ehreng\u00e4sten begangen. Aufgrund der Vielzahl der G\u00e4ste \u00fcbernahm unser oberster Dienstherr der Feuerwehr Ehndorf, B\u00fcrgermeister Hauke G\u00f6ttsch, die Begr\u00fc\u00dfung der zivilen G\u00e4ste, w\u00e4hrend unser Wehrf\u00fchrer Bj\u00f6rn K\u00e4hler die uniformierten G\u00e4ste begr\u00fc\u00dfte. <\/p>\n\n\n\n<p>In der Festansprache durch Hauptbrandmeister Bj\u00f6rn K\u00e4hler wurde die bebilderte Geschichte der Feuerwehr Ehndorf beleuchtet. Vom Handkarren mit Handpumpe \u00fcber das erste Feuerwehrfahrzeug f\u00fcr 16.000 D-Mark bis hin zum modernen TSF-W, wie wir ihn noch heute im Einsatz haben, wurde die Entwicklung der Feuerwehr in Ehndorf anschaulich und unterhaltsam pr\u00e4sentiert. (Tipp: Etliches davon kann man auch auf unserer Homepage unter <a href=\"http:\/\/feuerwehr-ehndorf.de\/?page_id=138\">Geschichte <\/a>nachlesen.) <\/p>\n\n\n\n<p>Die G\u00e4ste haben sich mit freundlichen Worten und Geschenken bedankt: Unter anderem das Amt hat dabei eine besondere Auszeichnung f\u00fcr die Verdienste der Wehr und eine symbolische Feuerwehrglocke \u00fcberreicht. Aber auch unsere Partnerwehr aus Rukieten mit der weitesten Anreise sei erw\u00e4hnt, die sich nicht lumpen lie\u00dfen und einen beachtenswerten Pr\u00e4sentkorb als Gastgeschenk \u00fcberreicht haben. Bevor dann zum Festessen \u00fcbergegangen worden ist, hat die Wehr ihrem bald ehemaligen Wehrf\u00fchrer f\u00fcr 18 Jahre aufopferungsvollen Dienst gedankt und ihm ganz pers\u00f6nlich ein Geschenk von der Kameradschaft \u00fcberreicht.<\/p>\n\n\n\n<figure class=\"wp-block-gallery has-nested-images columns-default is-cropped wp-block-gallery-1 is-layout-flex wp-block-gallery-is-layout-flex\">\n<figure class=\"wp-block-image size-large\"><a href=\"http:\/\/feuerwehr-ehndorf.de\/wp-content\/uploads\/2022\/08\/Vorbereitung.jpeg\"><img loading=\"lazy\" decoding=\"async\" width=\"1200\" height=\"1600\" data-id=\"879\" src=\"http:\/\/feuerwehr-ehndorf.de\/wp-content\/uploads\/2022\/08\/Vorbereitung.jpeg\" alt=\"\" class=\"wp-image-879\" srcset=\"http:\/\/feuerwehr-ehndorf.de\/wp-content\/uploads\/2022\/08\/Vorbereitung.jpeg 1200w, http:\/\/feuerwehr-ehndorf.de\/wp-content\/uploads\/2022\/08\/Vorbereitung-225x300.jpeg 225w, http:\/\/feuerwehr-ehndorf.de\/wp-content\/uploads\/2022\/08\/Vorbereitung-768x1024.jpeg 768w, http:\/\/feuerwehr-ehndorf.de\/wp-content\/uploads\/2022\/08\/Vorbereitung-1152x1536.jpeg 1152w, http:\/\/feuerwehr-ehndorf.de\/wp-content\/uploads\/2022\/08\/Vorbereitung-624x832.jpeg 624w\" sizes=\"auto, (max-width: 1200px) 100vw, 1200px\" \/><\/a><\/figure>\n\n\n\n<figure class=\"wp-block-image size-large\"><a href=\"http:\/\/feuerwehr-ehndorf.de\/wp-content\/uploads\/2022\/08\/Begruessung-Hauke.jpg\"><img loading=\"lazy\" decoding=\"async\" width=\"970\" height=\"1789\" data-id=\"834\" src=\"http:\/\/feuerwehr-ehndorf.de\/wp-content\/uploads\/2022\/08\/Begruessung-Hauke.jpg\" alt=\"\" class=\"wp-image-834\" srcset=\"http:\/\/feuerwehr-ehndorf.de\/wp-content\/uploads\/2022\/08\/Begruessung-Hauke.jpg 970w, http:\/\/feuerwehr-ehndorf.de\/wp-content\/uploads\/2022\/08\/Begruessung-Hauke-163x300.jpg 163w, http:\/\/feuerwehr-ehndorf.de\/wp-content\/uploads\/2022\/08\/Begruessung-Hauke-555x1024.jpg 555w, http:\/\/feuerwehr-ehndorf.de\/wp-content\/uploads\/2022\/08\/Begruessung-Hauke-768x1416.jpg 768w, http:\/\/feuerwehr-ehndorf.de\/wp-content\/uploads\/2022\/08\/Begruessung-Hauke-833x1536.jpg 833w, http:\/\/feuerwehr-ehndorf.de\/wp-content\/uploads\/2022\/08\/Begruessung-Hauke-624x1151.jpg 624w\" sizes=\"auto, (max-width: 970px) 100vw, 970px\" \/><\/a><\/figure>\n\n\n\n<figure class=\"wp-block-image size-large\"><a href=\"http:\/\/feuerwehr-ehndorf.de\/wp-content\/uploads\/2022\/08\/Glockenrede.jpg\"><img loading=\"lazy\" decoding=\"async\" width=\"2219\" height=\"1979\" data-id=\"838\" src=\"http:\/\/feuerwehr-ehndorf.de\/wp-content\/uploads\/2022\/08\/Glockenrede.jpg\" alt=\"\" class=\"wp-image-838\" srcset=\"http:\/\/feuerwehr-ehndorf.de\/wp-content\/uploads\/2022\/08\/Glockenrede.jpg 2219w, http:\/\/feuerwehr-ehndorf.de\/wp-content\/uploads\/2022\/08\/Glockenrede-300x268.jpg 300w, http:\/\/feuerwehr-ehndorf.de\/wp-content\/uploads\/2022\/08\/Glockenrede-1024x913.jpg 1024w, http:\/\/feuerwehr-ehndorf.de\/wp-content\/uploads\/2022\/08\/Glockenrede-768x685.jpg 768w, http:\/\/feuerwehr-ehndorf.de\/wp-content\/uploads\/2022\/08\/Glockenrede-1536x1370.jpg 1536w, http:\/\/feuerwehr-ehndorf.de\/wp-content\/uploads\/2022\/08\/Glockenrede-2048x1826.jpg 2048w, http:\/\/feuerwehr-ehndorf.de\/wp-content\/uploads\/2022\/08\/Glockenrede-624x557.jpg 624w\" sizes=\"auto, (max-width: 2219px) 100vw, 2219px\" \/><\/a><\/figure>\n\n\n\n<figure class=\"wp-block-image size-large\"><a href=\"http:\/\/feuerwehr-ehndorf.de\/wp-content\/uploads\/2022\/08\/Glockenuebergabe.jpg\"><img loading=\"lazy\" decoding=\"async\" width=\"2169\" height=\"2438\" data-id=\"839\" src=\"http:\/\/feuerwehr-ehndorf.de\/wp-content\/uploads\/2022\/08\/Glockenuebergabe.jpg\" alt=\"\" class=\"wp-image-839\" srcset=\"http:\/\/feuerwehr-ehndorf.de\/wp-content\/uploads\/2022\/08\/Glockenuebergabe.jpg 2169w, http:\/\/feuerwehr-ehndorf.de\/wp-content\/uploads\/2022\/08\/Glockenuebergabe-267x300.jpg 267w, http:\/\/feuerwehr-ehndorf.de\/wp-content\/uploads\/2022\/08\/Glockenuebergabe-911x1024.jpg 911w, http:\/\/feuerwehr-ehndorf.de\/wp-content\/uploads\/2022\/08\/Glockenuebergabe-768x863.jpg 768w, http:\/\/feuerwehr-ehndorf.de\/wp-content\/uploads\/2022\/08\/Glockenuebergabe-1367x1536.jpg 1367w, http:\/\/feuerwehr-ehndorf.de\/wp-content\/uploads\/2022\/08\/Glockenuebergabe-1822x2048.jpg 1822w, http:\/\/feuerwehr-ehndorf.de\/wp-content\/uploads\/2022\/08\/Glockenuebergabe-624x701.jpg 624w\" sizes=\"auto, (max-width: 2169px) 100vw, 2169px\" \/><\/a><\/figure>\n\n\n\n<figure class=\"wp-block-image size-large\"><a href=\"http:\/\/feuerwehr-ehndorf.de\/wp-content\/uploads\/2022\/08\/Die-Honoration-scaled.jpg\"><img loading=\"lazy\" decoding=\"async\" width=\"2560\" height=\"770\" data-id=\"835\" src=\"http:\/\/feuerwehr-ehndorf.de\/wp-content\/uploads\/2022\/08\/Die-Honoration-scaled.jpg\" alt=\"\" class=\"wp-image-835\" srcset=\"http:\/\/feuerwehr-ehndorf.de\/wp-content\/uploads\/2022\/08\/Die-Honoration-scaled.jpg 2560w, http:\/\/feuerwehr-ehndorf.de\/wp-content\/uploads\/2022\/08\/Die-Honoration-300x90.jpg 300w, http:\/\/feuerwehr-ehndorf.de\/wp-content\/uploads\/2022\/08\/Die-Honoration-1024x308.jpg 1024w, http:\/\/feuerwehr-ehndorf.de\/wp-content\/uploads\/2022\/08\/Die-Honoration-768x231.jpg 768w, http:\/\/feuerwehr-ehndorf.de\/wp-content\/uploads\/2022\/08\/Die-Honoration-1536x462.jpg 1536w, http:\/\/feuerwehr-ehndorf.de\/wp-content\/uploads\/2022\/08\/Die-Honoration-2048x616.jpg 2048w, http:\/\/feuerwehr-ehndorf.de\/wp-content\/uploads\/2022\/08\/Die-Honoration-624x188.jpg 624w\" sizes=\"auto, (max-width: 2560px) 100vw, 2560px\" \/><\/a><\/figure>\n\n\n\n<figure class=\"wp-block-image size-large\"><a href=\"http:\/\/feuerwehr-ehndorf.de\/wp-content\/uploads\/2022\/08\/Kreis.jpg\"><img loading=\"lazy\" decoding=\"async\" width=\"1486\" height=\"1591\" data-id=\"851\" src=\"http:\/\/feuerwehr-ehndorf.de\/wp-content\/uploads\/2022\/08\/Kreis.jpg\" alt=\"\" class=\"wp-image-851\" srcset=\"http:\/\/feuerwehr-ehndorf.de\/wp-content\/uploads\/2022\/08\/Kreis.jpg 1486w, http:\/\/feuerwehr-ehndorf.de\/wp-content\/uploads\/2022\/08\/Kreis-280x300.jpg 280w, http:\/\/feuerwehr-ehndorf.de\/wp-content\/uploads\/2022\/08\/Kreis-956x1024.jpg 956w, http:\/\/feuerwehr-ehndorf.de\/wp-content\/uploads\/2022\/08\/Kreis-768x822.jpg 768w, http:\/\/feuerwehr-ehndorf.de\/wp-content\/uploads\/2022\/08\/Kreis-1435x1536.jpg 1435w, http:\/\/feuerwehr-ehndorf.de\/wp-content\/uploads\/2022\/08\/Kreis-624x668.jpg 624w\" sizes=\"auto, (max-width: 1486px) 100vw, 1486px\" \/><\/a><\/figure>\n\n\n\n<figure class=\"wp-block-image size-large\"><a href=\"http:\/\/feuerwehr-ehndorf.de\/wp-content\/uploads\/2022\/08\/WhatsApp-Image-2022-08-29-at-09.29.45-1.jpeg\"><img loading=\"lazy\" decoding=\"async\" width=\"1600\" height=\"1200\" data-id=\"871\" src=\"http:\/\/feuerwehr-ehndorf.de\/wp-content\/uploads\/2022\/08\/WhatsApp-Image-2022-08-29-at-09.29.45-1.jpeg\" alt=\"\" class=\"wp-image-871\" srcset=\"http:\/\/feuerwehr-ehndorf.de\/wp-content\/uploads\/2022\/08\/WhatsApp-Image-2022-08-29-at-09.29.45-1.jpeg 1600w, http:\/\/feuerwehr-ehndorf.de\/wp-content\/uploads\/2022\/08\/WhatsApp-Image-2022-08-29-at-09.29.45-1-300x225.jpeg 300w, http:\/\/feuerwehr-ehndorf.de\/wp-content\/uploads\/2022\/08\/WhatsApp-Image-2022-08-29-at-09.29.45-1-1024x768.jpeg 1024w, http:\/\/feuerwehr-ehndorf.de\/wp-content\/uploads\/2022\/08\/WhatsApp-Image-2022-08-29-at-09.29.45-1-768x576.jpeg 768w, http:\/\/feuerwehr-ehndorf.de\/wp-content\/uploads\/2022\/08\/WhatsApp-Image-2022-08-29-at-09.29.45-1-1536x1152.jpeg 1536w, http:\/\/feuerwehr-ehndorf.de\/wp-content\/uploads\/2022\/08\/WhatsApp-Image-2022-08-29-at-09.29.45-1-624x468.jpeg 624w\" sizes=\"auto, (max-width: 1600px) 100vw, 1600px\" \/><\/a><\/figure>\n\n\n\n<figure class=\"wp-block-image size-large\"><a href=\"http:\/\/feuerwehr-ehndorf.de\/wp-content\/uploads\/2022\/08\/Rukiten.jpg\"><img loading=\"lazy\" decoding=\"async\" width=\"1859\" height=\"1877\" data-id=\"852\" src=\"http:\/\/feuerwehr-ehndorf.de\/wp-content\/uploads\/2022\/08\/Rukiten.jpg\" alt=\"\" class=\"wp-image-852\" srcset=\"http:\/\/feuerwehr-ehndorf.de\/wp-content\/uploads\/2022\/08\/Rukiten.jpg 1859w, http:\/\/feuerwehr-ehndorf.de\/wp-content\/uploads\/2022\/08\/Rukiten-297x300.jpg 297w, http:\/\/feuerwehr-ehndorf.de\/wp-content\/uploads\/2022\/08\/Rukiten-1014x1024.jpg 1014w, http:\/\/feuerwehr-ehndorf.de\/wp-content\/uploads\/2022\/08\/Rukiten-150x150.jpg 150w, http:\/\/feuerwehr-ehndorf.de\/wp-content\/uploads\/2022\/08\/Rukiten-768x775.jpg 768w, http:\/\/feuerwehr-ehndorf.de\/wp-content\/uploads\/2022\/08\/Rukiten-1521x1536.jpg 1521w, http:\/\/feuerwehr-ehndorf.de\/wp-content\/uploads\/2022\/08\/Rukiten-624x630.jpg 624w\" sizes=\"auto, (max-width: 1859px) 100vw, 1859px\" \/><\/a><\/figure>\n\n\n\n<figure class=\"wp-block-image size-large\"><a href=\"http:\/\/feuerwehr-ehndorf.de\/wp-content\/uploads\/2022\/08\/Honigschnaps.jpeg\"><img loading=\"lazy\" decoding=\"async\" width=\"1600\" height=\"1200\" data-id=\"880\" src=\"http:\/\/feuerwehr-ehndorf.de\/wp-content\/uploads\/2022\/08\/Honigschnaps.jpeg\" alt=\"\" class=\"wp-image-880\" srcset=\"http:\/\/feuerwehr-ehndorf.de\/wp-content\/uploads\/2022\/08\/Honigschnaps.jpeg 1600w, http:\/\/feuerwehr-ehndorf.de\/wp-content\/uploads\/2022\/08\/Honigschnaps-300x225.jpeg 300w, http:\/\/feuerwehr-ehndorf.de\/wp-content\/uploads\/2022\/08\/Honigschnaps-1024x768.jpeg 1024w, http:\/\/feuerwehr-ehndorf.de\/wp-content\/uploads\/2022\/08\/Honigschnaps-768x576.jpeg 768w, http:\/\/feuerwehr-ehndorf.de\/wp-content\/uploads\/2022\/08\/Honigschnaps-1536x1152.jpeg 1536w, http:\/\/feuerwehr-ehndorf.de\/wp-content\/uploads\/2022\/08\/Honigschnaps-624x468.jpeg 624w\" sizes=\"auto, (max-width: 1600px) 100vw, 1600px\" \/><\/a><\/figure>\n\n\n\n<figure class=\"wp-block-image size-large\"><a href=\"http:\/\/feuerwehr-ehndorf.de\/wp-content\/uploads\/2022\/08\/Detlef.jpg\"><img loading=\"lazy\" decoding=\"async\" width=\"2182\" height=\"1045\" data-id=\"850\" src=\"http:\/\/feuerwehr-ehndorf.de\/wp-content\/uploads\/2022\/08\/Detlef.jpg\" alt=\"\" class=\"wp-image-850\" srcset=\"http:\/\/feuerwehr-ehndorf.de\/wp-content\/uploads\/2022\/08\/Detlef.jpg 2182w, http:\/\/feuerwehr-ehndorf.de\/wp-content\/uploads\/2022\/08\/Detlef-300x144.jpg 300w, http:\/\/feuerwehr-ehndorf.de\/wp-content\/uploads\/2022\/08\/Detlef-1024x490.jpg 1024w, http:\/\/feuerwehr-ehndorf.de\/wp-content\/uploads\/2022\/08\/Detlef-768x368.jpg 768w, http:\/\/feuerwehr-ehndorf.de\/wp-content\/uploads\/2022\/08\/Detlef-1536x736.jpg 1536w, http:\/\/feuerwehr-ehndorf.de\/wp-content\/uploads\/2022\/08\/Detlef-2048x981.jpg 2048w, http:\/\/feuerwehr-ehndorf.de\/wp-content\/uploads\/2022\/08\/Detlef-624x299.jpg 624w\" sizes=\"auto, (max-width: 2182px) 100vw, 2182px\" \/><\/a><\/figure>\n\n\n\n<figure class=\"wp-block-image size-large\"><a href=\"http:\/\/feuerwehr-ehndorf.de\/wp-content\/uploads\/2022\/08\/Flachgeschenk-1.jpeg\"><img loading=\"lazy\" decoding=\"async\" width=\"889\" height=\"767\" data-id=\"881\" src=\"http:\/\/feuerwehr-ehndorf.de\/wp-content\/uploads\/2022\/08\/Flachgeschenk-1.jpeg\" alt=\"\" class=\"wp-image-881\" srcset=\"http:\/\/feuerwehr-ehndorf.de\/wp-content\/uploads\/2022\/08\/Flachgeschenk-1.jpeg 889w, http:\/\/feuerwehr-ehndorf.de\/wp-content\/uploads\/2022\/08\/Flachgeschenk-1-300x259.jpeg 300w, http:\/\/feuerwehr-ehndorf.de\/wp-content\/uploads\/2022\/08\/Flachgeschenk-1-768x663.jpeg 768w, http:\/\/feuerwehr-ehndorf.de\/wp-content\/uploads\/2022\/08\/Flachgeschenk-1-624x538.jpeg 624w\" sizes=\"auto, (max-width: 889px) 100vw, 889px\" \/><\/a><\/figure>\n\n\n\n<figure class=\"wp-block-image size-large\"><a href=\"http:\/\/feuerwehr-ehndorf.de\/wp-content\/uploads\/2022\/08\/Geschenk-an-Bjoern-scaled.jpg\"><img loading=\"lazy\" decoding=\"async\" width=\"2560\" height=\"1731\" data-id=\"837\" src=\"http:\/\/feuerwehr-ehndorf.de\/wp-content\/uploads\/2022\/08\/Geschenk-an-Bjoern-scaled.jpg\" alt=\"\" class=\"wp-image-837\" srcset=\"http:\/\/feuerwehr-ehndorf.de\/wp-content\/uploads\/2022\/08\/Geschenk-an-Bjoern-scaled.jpg 2560w, http:\/\/feuerwehr-ehndorf.de\/wp-content\/uploads\/2022\/08\/Geschenk-an-Bjoern-300x203.jpg 300w, http:\/\/feuerwehr-ehndorf.de\/wp-content\/uploads\/2022\/08\/Geschenk-an-Bjoern-1024x692.jpg 1024w, http:\/\/feuerwehr-ehndorf.de\/wp-content\/uploads\/2022\/08\/Geschenk-an-Bjoern-768x519.jpg 768w, http:\/\/feuerwehr-ehndorf.de\/wp-content\/uploads\/2022\/08\/Geschenk-an-Bjoern-1536x1039.jpg 1536w, http:\/\/feuerwehr-ehndorf.de\/wp-content\/uploads\/2022\/08\/Geschenk-an-Bjoern-2048x1385.jpg 2048w, http:\/\/feuerwehr-ehndorf.de\/wp-content\/uploads\/2022\/08\/Geschenk-an-Bjoern-624x422.jpg 624w\" sizes=\"auto, (max-width: 2560px) 100vw, 2560px\" \/><\/a><\/figure>\n\n\n\n<figure class=\"wp-block-image size-large\"><a href=\"http:\/\/feuerwehr-ehndorf.de\/wp-content\/uploads\/2022\/08\/WhatsApp-Image-2022-08-29-at-09.29.44.jpeg\"><img loading=\"lazy\" decoding=\"async\" width=\"1600\" height=\"900\" data-id=\"875\" src=\"http:\/\/feuerwehr-ehndorf.de\/wp-content\/uploads\/2022\/08\/WhatsApp-Image-2022-08-29-at-09.29.44.jpeg\" alt=\"\" class=\"wp-image-875\" srcset=\"http:\/\/feuerwehr-ehndorf.de\/wp-content\/uploads\/2022\/08\/WhatsApp-Image-2022-08-29-at-09.29.44.jpeg 1600w, http:\/\/feuerwehr-ehndorf.de\/wp-content\/uploads\/2022\/08\/WhatsApp-Image-2022-08-29-at-09.29.44-300x169.jpeg 300w, http:\/\/feuerwehr-ehndorf.de\/wp-content\/uploads\/2022\/08\/WhatsApp-Image-2022-08-29-at-09.29.44-1024x576.jpeg 1024w, http:\/\/feuerwehr-ehndorf.de\/wp-content\/uploads\/2022\/08\/WhatsApp-Image-2022-08-29-at-09.29.44-768x432.jpeg 768w, http:\/\/feuerwehr-ehndorf.de\/wp-content\/uploads\/2022\/08\/WhatsApp-Image-2022-08-29-at-09.29.44-1536x864.jpeg 1536w, http:\/\/feuerwehr-ehndorf.de\/wp-content\/uploads\/2022\/08\/WhatsApp-Image-2022-08-29-at-09.29.44-624x351.jpeg 624w\" sizes=\"auto, (max-width: 1600px) 100vw, 1600px\" \/><\/a><\/figure>\n<\/figure>\n\n\n\n<p>Der \u00f6ffentliche Teil ab 14:00 in Form eines Tages der offenen T\u00fcr wurde zun\u00e4chst mit einem gro\u00dfen Kuchenbuffet begangen. Anschlie\u00dfend wurde eine \u00dcbung vorgef\u00fchrt, bei der eine Gruppe zun\u00e4chst erkundet, dann eine Patientenrettung durchgef\u00fchrt und anschlie\u00dfend das Bush\u00e4uschen gel\u00f6scht hat.<\/p>\n\n\n\n<figure class=\"wp-block-gallery has-nested-images columns-default is-cropped wp-block-gallery-2 is-layout-flex wp-block-gallery-is-layout-flex\">\n<figure class=\"wp-block-image size-large\"><a href=\"http:\/\/feuerwehr-ehndorf.de\/wp-content\/uploads\/2022\/08\/Kuchenlauf-scaled.jpg\"><img loading=\"lazy\" decoding=\"async\" width=\"2560\" height=\"2445\" data-id=\"840\" src=\"http:\/\/feuerwehr-ehndorf.de\/wp-content\/uploads\/2022\/08\/Kuchenlauf-scaled.jpg\" alt=\"\" class=\"wp-image-840\" srcset=\"http:\/\/feuerwehr-ehndorf.de\/wp-content\/uploads\/2022\/08\/Kuchenlauf-scaled.jpg 2560w, http:\/\/feuerwehr-ehndorf.de\/wp-content\/uploads\/2022\/08\/Kuchenlauf-300x287.jpg 300w, http:\/\/feuerwehr-ehndorf.de\/wp-content\/uploads\/2022\/08\/Kuchenlauf-1024x978.jpg 1024w, http:\/\/feuerwehr-ehndorf.de\/wp-content\/uploads\/2022\/08\/Kuchenlauf-768x734.jpg 768w, http:\/\/feuerwehr-ehndorf.de\/wp-content\/uploads\/2022\/08\/Kuchenlauf-1536x1467.jpg 1536w, http:\/\/feuerwehr-ehndorf.de\/wp-content\/uploads\/2022\/08\/Kuchenlauf-2048x1956.jpg 2048w, http:\/\/feuerwehr-ehndorf.de\/wp-content\/uploads\/2022\/08\/Kuchenlauf-624x596.jpg 624w\" sizes=\"auto, (max-width: 2560px) 100vw, 2560px\" \/><\/a><\/figure>\n\n\n\n<figure class=\"wp-block-image size-large\"><a href=\"http:\/\/feuerwehr-ehndorf.de\/wp-content\/uploads\/2022\/08\/Angetreten.jpeg\"><img loading=\"lazy\" decoding=\"async\" width=\"998\" height=\"1068\" data-id=\"874\" src=\"http:\/\/feuerwehr-ehndorf.de\/wp-content\/uploads\/2022\/08\/Angetreten.jpeg\" alt=\"\" class=\"wp-image-874\" srcset=\"http:\/\/feuerwehr-ehndorf.de\/wp-content\/uploads\/2022\/08\/Angetreten.jpeg 998w, http:\/\/feuerwehr-ehndorf.de\/wp-content\/uploads\/2022\/08\/Angetreten-280x300.jpeg 280w, http:\/\/feuerwehr-ehndorf.de\/wp-content\/uploads\/2022\/08\/Angetreten-957x1024.jpeg 957w, http:\/\/feuerwehr-ehndorf.de\/wp-content\/uploads\/2022\/08\/Angetreten-768x822.jpeg 768w, http:\/\/feuerwehr-ehndorf.de\/wp-content\/uploads\/2022\/08\/Angetreten-624x668.jpeg 624w\" sizes=\"auto, (max-width: 998px) 100vw, 998px\" \/><\/a><\/figure>\n\n\n\n<figure class=\"wp-block-image size-large\"><a href=\"http:\/\/feuerwehr-ehndorf.de\/wp-content\/uploads\/2022\/08\/Uebung-Antreten.jpeg\"><img loading=\"lazy\" decoding=\"async\" width=\"728\" height=\"406\" data-id=\"841\" src=\"http:\/\/feuerwehr-ehndorf.de\/wp-content\/uploads\/2022\/08\/Uebung-Antreten.jpeg\" alt=\"\" class=\"wp-image-841\" srcset=\"http:\/\/feuerwehr-ehndorf.de\/wp-content\/uploads\/2022\/08\/Uebung-Antreten.jpeg 728w, http:\/\/feuerwehr-ehndorf.de\/wp-content\/uploads\/2022\/08\/Uebung-Antreten-300x167.jpeg 300w, http:\/\/feuerwehr-ehndorf.de\/wp-content\/uploads\/2022\/08\/Uebung-Antreten-624x348.jpeg 624w\" sizes=\"auto, (max-width: 728px) 100vw, 728px\" \/><\/a><\/figure>\n\n\n\n<figure class=\"wp-block-image size-large\"><a href=\"http:\/\/feuerwehr-ehndorf.de\/wp-content\/uploads\/2022\/08\/Uebung-Betreuung-Patient.jpeg\"><img loading=\"lazy\" decoding=\"async\" width=\"509\" height=\"536\" data-id=\"843\" src=\"http:\/\/feuerwehr-ehndorf.de\/wp-content\/uploads\/2022\/08\/Uebung-Betreuung-Patient.jpeg\" alt=\"\" class=\"wp-image-843\" srcset=\"http:\/\/feuerwehr-ehndorf.de\/wp-content\/uploads\/2022\/08\/Uebung-Betreuung-Patient.jpeg 509w, http:\/\/feuerwehr-ehndorf.de\/wp-content\/uploads\/2022\/08\/Uebung-Betreuung-Patient-285x300.jpeg 285w\" sizes=\"auto, (max-width: 509px) 100vw, 509px\" \/><\/a><\/figure>\n\n\n\n<figure class=\"wp-block-image size-large\"><a href=\"http:\/\/feuerwehr-ehndorf.de\/wp-content\/uploads\/2022\/08\/Patentenablage-bereit.jpeg\"><img loading=\"lazy\" decoding=\"async\" width=\"950\" height=\"900\" data-id=\"885\" src=\"http:\/\/feuerwehr-ehndorf.de\/wp-content\/uploads\/2022\/08\/Patentenablage-bereit.jpeg\" alt=\"\" class=\"wp-image-885\" srcset=\"http:\/\/feuerwehr-ehndorf.de\/wp-content\/uploads\/2022\/08\/Patentenablage-bereit.jpeg 950w, http:\/\/feuerwehr-ehndorf.de\/wp-content\/uploads\/2022\/08\/Patentenablage-bereit-300x284.jpeg 300w, http:\/\/feuerwehr-ehndorf.de\/wp-content\/uploads\/2022\/08\/Patentenablage-bereit-768x728.jpeg 768w, http:\/\/feuerwehr-ehndorf.de\/wp-content\/uploads\/2022\/08\/Patentenablage-bereit-624x591.jpeg 624w\" sizes=\"auto, (max-width: 950px) 100vw, 950px\" \/><\/a><\/figure>\n\n\n\n<figure class=\"wp-block-image size-large\"><a href=\"http:\/\/feuerwehr-ehndorf.de\/wp-content\/uploads\/2022\/08\/Bergen.jpeg\"><img loading=\"lazy\" decoding=\"async\" width=\"475\" height=\"389\" data-id=\"861\" src=\"http:\/\/feuerwehr-ehndorf.de\/wp-content\/uploads\/2022\/08\/Bergen.jpeg\" alt=\"\" class=\"wp-image-861\" srcset=\"http:\/\/feuerwehr-ehndorf.de\/wp-content\/uploads\/2022\/08\/Bergen.jpeg 475w, http:\/\/feuerwehr-ehndorf.de\/wp-content\/uploads\/2022\/08\/Bergen-300x246.jpeg 300w\" sizes=\"auto, (max-width: 475px) 100vw, 475px\" \/><\/a><\/figure>\n\n\n\n<figure class=\"wp-block-image size-large\"><a href=\"http:\/\/feuerwehr-ehndorf.de\/wp-content\/uploads\/2022\/08\/Patiententransport.jpeg\"><img loading=\"lazy\" decoding=\"async\" width=\"1023\" height=\"657\" data-id=\"853\" src=\"http:\/\/feuerwehr-ehndorf.de\/wp-content\/uploads\/2022\/08\/Patiententransport.jpeg\" alt=\"\" class=\"wp-image-853\" srcset=\"http:\/\/feuerwehr-ehndorf.de\/wp-content\/uploads\/2022\/08\/Patiententransport.jpeg 1023w, http:\/\/feuerwehr-ehndorf.de\/wp-content\/uploads\/2022\/08\/Patiententransport-300x193.jpeg 300w, http:\/\/feuerwehr-ehndorf.de\/wp-content\/uploads\/2022\/08\/Patiententransport-768x493.jpeg 768w, http:\/\/feuerwehr-ehndorf.de\/wp-content\/uploads\/2022\/08\/Patiententransport-624x401.jpeg 624w\" sizes=\"auto, (max-width: 1023px) 100vw, 1023px\" \/><\/a><\/figure>\n\n\n\n<figure class=\"wp-block-image size-large\"><a href=\"http:\/\/feuerwehr-ehndorf.de\/wp-content\/uploads\/2022\/08\/Patiententransport-Ende.jpeg\"><img loading=\"lazy\" decoding=\"async\" width=\"1172\" height=\"1071\" data-id=\"883\" src=\"http:\/\/feuerwehr-ehndorf.de\/wp-content\/uploads\/2022\/08\/Patiententransport-Ende.jpeg\" alt=\"\" class=\"wp-image-883\" srcset=\"http:\/\/feuerwehr-ehndorf.de\/wp-content\/uploads\/2022\/08\/Patiententransport-Ende.jpeg 1172w, http:\/\/feuerwehr-ehndorf.de\/wp-content\/uploads\/2022\/08\/Patiententransport-Ende-300x274.jpeg 300w, http:\/\/feuerwehr-ehndorf.de\/wp-content\/uploads\/2022\/08\/Patiententransport-Ende-1024x936.jpeg 1024w, http:\/\/feuerwehr-ehndorf.de\/wp-content\/uploads\/2022\/08\/Patiententransport-Ende-768x702.jpeg 768w, http:\/\/feuerwehr-ehndorf.de\/wp-content\/uploads\/2022\/08\/Patiententransport-Ende-624x570.jpeg 624w\" sizes=\"auto, (max-width: 1172px) 100vw, 1172px\" \/><\/a><\/figure>\n\n\n\n<figure class=\"wp-block-image size-large\"><a href=\"http:\/\/feuerwehr-ehndorf.de\/wp-content\/uploads\/2022\/08\/Patientenversorgung.jpeg\"><img loading=\"lazy\" decoding=\"async\" width=\"938\" height=\"431\" data-id=\"862\" src=\"http:\/\/feuerwehr-ehndorf.de\/wp-content\/uploads\/2022\/08\/Patientenversorgung.jpeg\" alt=\"\" class=\"wp-image-862\" srcset=\"http:\/\/feuerwehr-ehndorf.de\/wp-content\/uploads\/2022\/08\/Patientenversorgung.jpeg 938w, http:\/\/feuerwehr-ehndorf.de\/wp-content\/uploads\/2022\/08\/Patientenversorgung-300x138.jpeg 300w, http:\/\/feuerwehr-ehndorf.de\/wp-content\/uploads\/2022\/08\/Patientenversorgung-768x353.jpeg 768w, http:\/\/feuerwehr-ehndorf.de\/wp-content\/uploads\/2022\/08\/Patientenversorgung-624x287.jpeg 624w\" sizes=\"auto, (max-width: 938px) 100vw, 938px\" \/><\/a><\/figure>\n\n\n\n<figure class=\"wp-block-image size-large\"><a href=\"http:\/\/feuerwehr-ehndorf.de\/wp-content\/uploads\/2022\/08\/Patentenablage-genutzt.jpeg\"><img loading=\"lazy\" decoding=\"async\" width=\"930\" height=\"944\" data-id=\"884\" src=\"http:\/\/feuerwehr-ehndorf.de\/wp-content\/uploads\/2022\/08\/Patentenablage-genutzt.jpeg\" alt=\"\" class=\"wp-image-884\" srcset=\"http:\/\/feuerwehr-ehndorf.de\/wp-content\/uploads\/2022\/08\/Patentenablage-genutzt.jpeg 930w, http:\/\/feuerwehr-ehndorf.de\/wp-content\/uploads\/2022\/08\/Patentenablage-genutzt-296x300.jpeg 296w, http:\/\/feuerwehr-ehndorf.de\/wp-content\/uploads\/2022\/08\/Patentenablage-genutzt-768x780.jpeg 768w, http:\/\/feuerwehr-ehndorf.de\/wp-content\/uploads\/2022\/08\/Patentenablage-genutzt-624x633.jpeg 624w\" sizes=\"auto, (max-width: 930px) 100vw, 930px\" \/><\/a><\/figure>\n\n\n\n<figure class=\"wp-block-image size-large\"><a href=\"http:\/\/feuerwehr-ehndorf.de\/wp-content\/uploads\/2022\/08\/Rohr-2-und-3.jpeg\"><img loading=\"lazy\" decoding=\"async\" width=\"895\" height=\"657\" data-id=\"864\" src=\"http:\/\/feuerwehr-ehndorf.de\/wp-content\/uploads\/2022\/08\/Rohr-2-und-3.jpeg\" alt=\"\" class=\"wp-image-864\" srcset=\"http:\/\/feuerwehr-ehndorf.de\/wp-content\/uploads\/2022\/08\/Rohr-2-und-3.jpeg 895w, http:\/\/feuerwehr-ehndorf.de\/wp-content\/uploads\/2022\/08\/Rohr-2-und-3-300x220.jpeg 300w, http:\/\/feuerwehr-ehndorf.de\/wp-content\/uploads\/2022\/08\/Rohr-2-und-3-768x564.jpeg 768w, http:\/\/feuerwehr-ehndorf.de\/wp-content\/uploads\/2022\/08\/Rohr-2-und-3-624x458.jpeg 624w\" sizes=\"auto, (max-width: 895px) 100vw, 895px\" \/><\/a><\/figure>\n\n\n\n<figure class=\"wp-block-image size-large\"><a href=\"http:\/\/feuerwehr-ehndorf.de\/wp-content\/uploads\/2022\/08\/Uebung-Atemschutztrupp.jpeg\"><img loading=\"lazy\" decoding=\"async\" width=\"852\" height=\"539\" data-id=\"842\" src=\"http:\/\/feuerwehr-ehndorf.de\/wp-content\/uploads\/2022\/08\/Uebung-Atemschutztrupp.jpeg\" alt=\"\" class=\"wp-image-842\" srcset=\"http:\/\/feuerwehr-ehndorf.de\/wp-content\/uploads\/2022\/08\/Uebung-Atemschutztrupp.jpeg 852w, http:\/\/feuerwehr-ehndorf.de\/wp-content\/uploads\/2022\/08\/Uebung-Atemschutztrupp-300x190.jpeg 300w, http:\/\/feuerwehr-ehndorf.de\/wp-content\/uploads\/2022\/08\/Uebung-Atemschutztrupp-768x486.jpeg 768w, http:\/\/feuerwehr-ehndorf.de\/wp-content\/uploads\/2022\/08\/Uebung-Atemschutztrupp-624x395.jpeg 624w\" sizes=\"auto, (max-width: 852px) 100vw, 852px\" \/><\/a><\/figure>\n\n\n\n<figure class=\"wp-block-image size-large\"><a href=\"http:\/\/feuerwehr-ehndorf.de\/wp-content\/uploads\/2022\/08\/Uebung-Ende.jpeg\"><img loading=\"lazy\" decoding=\"async\" width=\"1024\" height=\"768\" data-id=\"832\" src=\"http:\/\/feuerwehr-ehndorf.de\/wp-content\/uploads\/2022\/08\/Uebung-Ende.jpeg\" alt=\"\" class=\"wp-image-832\" srcset=\"http:\/\/feuerwehr-ehndorf.de\/wp-content\/uploads\/2022\/08\/Uebung-Ende.jpeg 1024w, http:\/\/feuerwehr-ehndorf.de\/wp-content\/uploads\/2022\/08\/Uebung-Ende-300x225.jpeg 300w, http:\/\/feuerwehr-ehndorf.de\/wp-content\/uploads\/2022\/08\/Uebung-Ende-768x576.jpeg 768w, http:\/\/feuerwehr-ehndorf.de\/wp-content\/uploads\/2022\/08\/Uebung-Ende-624x468.jpeg 624w\" sizes=\"auto, (max-width: 1024px) 100vw, 1024px\" \/><\/a><\/figure>\n<\/figure>\n\n\n\n<p>Im Laufe des Nachmittags wurden dann noch Schlauch-Ziel-Rollen f\u00fcr alle und L\u00f6schen des &#8222;Brandhauses&#8220; mit Feuer-Klappfallscheiben durch die K\u00fcbelspritze f\u00fcr die Kinder angeboten. Au\u00dferdem haben wir den Fettbranddemonstrator vorgef\u00fchrt, der sehr anschaulich zeigt, warum man Fettbrand nicht mit Wasser l\u00f6schen darf.<\/p>\n\n\n\n<figure class=\"wp-block-image size-full\"><a href=\"http:\/\/feuerwehr-ehndorf.de\/wp-content\/uploads\/2022\/08\/Zuschauer.jpeg\"><img loading=\"lazy\" decoding=\"async\" width=\"943\" height=\"378\" src=\"http:\/\/feuerwehr-ehndorf.de\/wp-content\/uploads\/2022\/08\/Zuschauer.jpeg\" alt=\"\" class=\"wp-image-860\" srcset=\"http:\/\/feuerwehr-ehndorf.de\/wp-content\/uploads\/2022\/08\/Zuschauer.jpeg 943w, http:\/\/feuerwehr-ehndorf.de\/wp-content\/uploads\/2022\/08\/Zuschauer-300x120.jpeg 300w, http:\/\/feuerwehr-ehndorf.de\/wp-content\/uploads\/2022\/08\/Zuschauer-768x308.jpeg 768w, http:\/\/feuerwehr-ehndorf.de\/wp-content\/uploads\/2022\/08\/Zuschauer-624x250.jpeg 624w\" sizes=\"auto, (max-width: 943px) 100vw, 943px\" \/><\/a><\/figure>\n\n\n\n<figure class=\"wp-block-gallery has-nested-images columns-default is-cropped wp-block-gallery-3 is-layout-flex wp-block-gallery-is-layout-flex\">\n<figure class=\"wp-block-image size-large\"><a href=\"http:\/\/feuerwehr-ehndorf.de\/wp-content\/uploads\/2022\/08\/Fettbrand-Demo.jpeg\"><img loading=\"lazy\" decoding=\"async\" width=\"767\" height=\"906\" data-id=\"836\" src=\"http:\/\/feuerwehr-ehndorf.de\/wp-content\/uploads\/2022\/08\/Fettbrand-Demo.jpeg\" alt=\"\" class=\"wp-image-836\" srcset=\"http:\/\/feuerwehr-ehndorf.de\/wp-content\/uploads\/2022\/08\/Fettbrand-Demo.jpeg 767w, http:\/\/feuerwehr-ehndorf.de\/wp-content\/uploads\/2022\/08\/Fettbrand-Demo-254x300.jpeg 254w, http:\/\/feuerwehr-ehndorf.de\/wp-content\/uploads\/2022\/08\/Fettbrand-Demo-624x737.jpeg 624w\" sizes=\"auto, (max-width: 767px) 100vw, 767px\" \/><\/a><\/figure>\n\n\n\n<figure class=\"wp-block-image size-large\"><a href=\"http:\/\/feuerwehr-ehndorf.de\/wp-content\/uploads\/2022\/08\/Fettbrand-Demo-totale.jpeg\"><img loading=\"lazy\" decoding=\"async\" width=\"842\" height=\"825\" data-id=\"847\" src=\"http:\/\/feuerwehr-ehndorf.de\/wp-content\/uploads\/2022\/08\/Fettbrand-Demo-totale.jpeg\" alt=\"\" class=\"wp-image-847\" srcset=\"http:\/\/feuerwehr-ehndorf.de\/wp-content\/uploads\/2022\/08\/Fettbrand-Demo-totale.jpeg 842w, http:\/\/feuerwehr-ehndorf.de\/wp-content\/uploads\/2022\/08\/Fettbrand-Demo-totale-300x294.jpeg 300w, http:\/\/feuerwehr-ehndorf.de\/wp-content\/uploads\/2022\/08\/Fettbrand-Demo-totale-768x752.jpeg 768w, http:\/\/feuerwehr-ehndorf.de\/wp-content\/uploads\/2022\/08\/Fettbrand-Demo-totale-624x611.jpeg 624w\" sizes=\"auto, (max-width: 842px) 100vw, 842px\" \/><\/a><\/figure>\n<\/figure>\n\n\n\n<p>Der Tag wurde in gem\u00fctlicher Runde mit St\u00e4rkungen vom Grill beschlossen und so freuen wir uns denn auf die n\u00e4chsten 125 Jahre freiwillige Feuerwehr Ehndorf.<\/p>\n\n\n\n<p>Gut Wehr! Gut Wehr! Gut Wehr!<\/p>\n\n\n\n<figure class=\"wp-block-image size-large is-style-rounded\"><a href=\"http:\/\/feuerwehr-ehndorf.de\/wp-content\/uploads\/2022\/08\/WhatsApp-Image-2022-08-30-at-18.06.12.jpeg\"><img loading=\"lazy\" decoding=\"async\" width=\"1024\" height=\"683\" src=\"http:\/\/feuerwehr-ehndorf.de\/wp-content\/uploads\/2022\/08\/WhatsApp-Image-2022-08-30-at-18.06.12-1024x683.jpeg\" alt=\"\" class=\"wp-image-870\" srcset=\"http:\/\/feuerwehr-ehndorf.de\/wp-content\/uploads\/2022\/08\/WhatsApp-Image-2022-08-30-at-18.06.12-1024x683.jpeg 1024w, http:\/\/feuerwehr-ehndorf.de\/wp-content\/uploads\/2022\/08\/WhatsApp-Image-2022-08-30-at-18.06.12-300x200.jpeg 300w, http:\/\/feuerwehr-ehndorf.de\/wp-content\/uploads\/2022\/08\/WhatsApp-Image-2022-08-30-at-18.06.12-768x512.jpeg 768w, http:\/\/feuerwehr-ehndorf.de\/wp-content\/uploads\/2022\/08\/WhatsApp-Image-2022-08-30-at-18.06.12-1536x1024.jpeg 1536w, http:\/\/feuerwehr-ehndorf.de\/wp-content\/uploads\/2022\/08\/WhatsApp-Image-2022-08-30-at-18.06.12-624x416.jpeg 624w, http:\/\/feuerwehr-ehndorf.de\/wp-content\/uploads\/2022\/08\/WhatsApp-Image-2022-08-30-at-18.06.12.jpeg 1773w\" sizes=\"auto, (max-width: 1024px) 100vw, 1024px\" \/><\/a><\/figure>\n","protected":false},"excerpt":{"rendered":"<p>Am Samstag den 27.08.2022 haben wir das 125-j\u00e4hrige Bestehen unserer Feuerwehr gefeiert. Ab 11:00 wurde das Jubil\u00e4um der freiwilligen Feuerwehr Ehndorf zun\u00e4chst im Rahmen einer geschlossenen Veranstaltung mit geladenen Ehreng\u00e4sten begangen. Aufgrund der Vielzahl der G\u00e4ste \u00fcbernahm unser oberster Dienstherr der Feuerwehr Ehndorf, B\u00fcrgermeister Hauke G\u00f6ttsch, die Begr\u00fc\u00dfung der zivilen G\u00e4ste, w\u00e4hrend unser Wehrf\u00fchrer Bj\u00f6rn [&hellip;]<\/p>\n","protected":false},"author":1,"featured_media":833,"comment_status":"closed","ping_status":"open","sticky":false,"template":"","format":"standard","meta":{"footnotes":""},"categories":[8,6,10,9],"tags":[94,20,97,99,100,95,96,98],"class_list":["post-831","post","type-post","status-publish","format-standard","has-post-thumbnail","hentry","category-aktuelles","category-fotogalerie","category-geschichte","category-wir-ueber-uns","tag-94","tag-ehndorf","tag-feier","tag-fettbrand","tag-fwdv-3","tag-jubilaeum","tag-kameradschaft","tag-vorfuehrung"],"_links":{"self":[{"href":"http:\/\/feuerwehr-ehndorf.de\/index.php?rest_route=\/wp\/v2\/posts\/831","targetHints":{"allow":["GET"]}}],"collection":[{"href":"http:\/\/feuerwehr-ehndorf.de\/index.php?rest_route=\/wp\/v2\/posts"}],"about":[{"href":"http:\/\/feuerwehr-ehndorf.de\/index.php?rest_route=\/wp\/v2\/types\/post"}],"author":[{"embeddable":true,"href":"http:\/\/feuerwehr-ehndorf.de\/index.php?rest_route=\/wp\/v2\/users\/1"}],"replies":[{"embeddable":true,"href":"http:\/\/feuerwehr-ehndorf.de\/index.php?rest_route=%2Fwp%2Fv2%2Fcomments&post=831"}],"version-history":[{"count":18,"href":"http:\/\/feuerwehr-ehndorf.de\/index.php?rest_route=\/wp\/v2\/posts\/831\/revisions"}],"predecessor-version":[{"id":890,"href":"http:\/\/feuerwehr-ehndorf.de\/index.php?rest_route=\/wp\/v2\/posts\/831\/revisions\/890"}],"wp:featuredmedia":[{"embeddable":true,"href":"http:\/\/feuerwehr-ehndorf.de\/index.php?rest_route=\/wp\/v2\/media\/833"}],"wp:attachment":[{"href":"http:\/\/feuerwehr-ehndorf.de\/index.php?rest_route=%2Fwp%2Fv2%2Fmedia&parent=831"}],"wp:term":[{"taxonomy":"category","embeddable":true,"href":"http:\/\/feuerwehr-ehndorf.de\/index.php?rest_route=%2Fwp%2Fv2%2Fcategories&post=831"},{"taxonomy":"post_tag","embeddable":true,"href":"http:\/\/feuerwehr-ehndorf.de\/index.php?rest_route=%2Fwp%2Fv2%2Ftags&post=831"}],"curies":[{"name":"wp","href":"https:\/\/api.w.org\/{rel}","templated":true}]}}